{"id":19847,"date":"2025-08-06T06:00:00","date_gmt":"2025-08-06T04:00:00","guid":{"rendered":"https:\/\/nievesenergia.com\/notas-de-prensa\/grup-nieves-es-llanca-al-lloguer-de-teulades-per-a-autoconsums-compartits-amb-bateries\/"},"modified":"2026-03-30T16:34:56","modified_gmt":"2026-03-30T14:34:56","slug":"grup-nieves-es-llanca-al-lloguer-de-teulades-per-a-autoconsums-compartits-amb-bateries","status":"publish","type":"notas-de-prensa","link":"https:\/\/nievesenergia.com\/ca\/notes-de-premsa\/grup-nieves-es-llanca-al-lloguer-de-teulades-per-a-autoconsums-compartits-amb-bateries\/","title":{"rendered":"Grup Nieves es llan\u00e7a al lloguer de teulades per a autoconsums compartits amb bateries"},"content":{"rendered":"\n<p><strong>Grups Nieves<\/strong> entra en un <strong>nou segment de negoci<\/strong>. A trav\u00e9s de la seva filial Nieves Energytech, est\u00e0 impulsant sistemes d&#8217;emmagatzematge energ\u00e8tic amb bateries (BESS) en hibridaci\u00f3 amb plantes solars fotovoltaiques per a autoconsum. <\/p>\n\n<p>A la fi d&#8217;enguany implementar\u00e0 bateries en les seves principals gasolineres que ja disposen de fotovoltaica. El disseny est\u00e0 pensat per a <strong>dues funcionalitats principals<\/strong>: emmagatzemar els excedents solars produ\u00efts durant el migdia per a usar-los durant les hores nocturnes i permetre mantenir el subministrament en cas de p\u00e8rdua de la xarxa el\u00e8ctrica. La combinaci\u00f3 de totes dues funcionalitats amb \u00fas d&#8217;energia renovable permet anar m\u00e9s enll\u00e0 dels sistemes de suport tradicionals que ofereixen els generadors di\u00e8sel.  <\/p>\n\n<p>No obstant aix\u00f2, la gran novetat ve del costat dels <strong>autoconsums compartits<\/strong>, la qual cosa es podria denominar com una variant de comunitat energ\u00e8tica. La companyia est\u00e0 <strong>llogant teulades en pol\u00edgons industrials per a instal\u00b7lar plaques solars i despr\u00e9s distribuir l&#8217;energia<\/strong> entre consumidors situats a menys de dos quil\u00f2metres -el m\u00e0xim que permet l&#8217;actual normativa- a trav\u00e9s de la gesti\u00f3 activa de la c\u00e0rrega i desc\u00e0rrega de la bateria. <\/p>\n\n<h2 class=\"wp-block-heading\">Primera instal\u00b7laci\u00f3 en un gimn\u00e0s<\/h2>\n\n<p><strong>Iago Pujol, responsable del departament de Fotovoltaica en Nieves Energytech<\/strong>, explica en conversa amb <em>elEconomista.es<\/em> que el grup ja est\u00e0 treballant en el seu primer projecte d&#8217;aquest tipus. En concret, han arrendat la coberta d&#8217;un gimn\u00e0s en un pol\u00edgon dins de la prov\u00edncia de Barcelona per a una instal\u00b7laci\u00f3 de 130 quilowatts (kW) de pot\u00e8ncia. <\/p>\n\n<p>Segons Pujol, la companyia est\u00e0 <strong>negociant contractes actualment que sumen una pot\u00e8ncia conjunta de 1,5 megavats (MW) entre totes les cobertes<\/strong>. La inversi\u00f3 prevista per al desenvolupament dels acords, si finalment arriben a bon port, se situa en al voltant dels 1,5 milions d&#8217;euros. En paral\u00b7lel, Nieves Energytech tamb\u00e9 treballa en projectes clau en m\u00e0 (gesti\u00f3 completa, des de la seva concepci\u00f3 fins al lliurament final) per a les empreses i les comunitats de ve\u00efns.  <\/p>\n\n<p>Segons dades de la companyia, fins a la data ha instal\u00b7lat 1.177 quilowatts pico (kWp) de pot\u00e8ncia, la qual cosa es tradueix en unes <strong>2.330 plaques solars<\/strong>. Tamb\u00e9 dona acc\u00e9s a la seva plataforma de gesti\u00f3 i control 24\/7. per a veure l&#8217;estalvi en temps real.  <\/p>\n\n<p><strong><a href=\"https:\/\/www.eleconomista.es\/energia\/noticias\/13494059\/08\/25\/grupo-nieves-se-lanza-al-alquiler-de-tejados-para-autoconsumos-compartidos-con-baterias.html\" type=\"link\" id=\"https:\/\/www.eleconomista.es\/energia\/noticias\/13494059\/08\/25\/grupo-nieves-se-lanza-al-alquiler-de-tejados-para-autoconsumos-compartidos-con-baterias.html\" target=\"_blank\" rel=\"noreferrer noopener\">Llegeix la nota de premsa<\/a><\/strong><\/p>\n\n<p><\/p>\n","protected":false},"excerpt":{"rendered":"<p>El lloguer de cobertes permet projectes d&#8217;autoconsum compartit amb bateries, facilitant l&#8217;acc\u00e9s a energia renovable en entorns empresarials.<\/p>\n","protected":false},"featured_media":19837,"parent":0,"template":"","class_list":["post-19847","notas-de-prensa","type-notas-de-prensa","status-publish","has-post-thumbnail","hentry"],"yoast_head":"<!-- This site is optimized with the Yoast SEO plugin v27.4 - https:\/\/yoast.com\/product\/yoast-seo-wordpress\/ -->\n<title>Notes de premsa - Nieves Energia<\/title>\n<meta name=\"description\" content=\"Grup Nieves impulsa el lloguer de cobertes per a autoconsum compartit amb bateries, una soluci\u00f3 per a generar energia renovable.\" \/>\n<meta name=\"robots\" content=\"index, follow, max-snippet:-1, max-image-preview:large, max-video-preview:-1\" \/>\n<link rel=\"canonical\" href=\"https:\/\/nievesenergia.com\/ca\/notes-de-premsa\/grup-nieves-es-llanca-al-lloguer-de-teulades-per-a-autoconsums-compartits-amb-bateries\/\" \/>\n<meta property=\"og:locale\" content=\"ca_ES\" \/>\n<meta property=\"og:type\" content=\"article\" \/>\n<meta property=\"og:title\" content=\"Notes de premsa - Nieves Energia\" \/>\n<meta property=\"og:description\" content=\"Grup Nieves impulsa el lloguer de cobertes per a autoconsum compartit amb bateries, una soluci\u00f3 per a generar energia renovable.\" \/>\n<meta property=\"og:url\" content=\"https:\/\/nievesenergia.com\/ca\/notes-de-premsa\/grup-nieves-es-llanca-al-lloguer-de-teulades-per-a-autoconsums-compartits-amb-bateries\/\" \/>\n<meta property=\"og:site_name\" content=\"Nieves Energia\" \/>\n<meta property=\"article:publisher\" content=\"https:\/\/www.facebook.com\/nievesenergia\" \/>\n<meta property=\"article:modified_time\" content=\"2026-03-30T14:34:56+00:00\" \/>\n<meta property=\"og:image\" content=\"https:\/\/nievesenergia.com\/wp-content\/uploads\/2026\/03\/alquiler-tejados-economista.jpg\" \/>\n\t<meta property=\"og:image:width\" content=\"1200\" \/>\n\t<meta property=\"og:image:height\" content=\"655\" \/>\n\t<meta property=\"og:image:type\" content=\"image\/jpeg\" \/>\n<meta name=\"twitter:card\" content=\"summary_large_image\" \/>\n<meta name=\"twitter:label1\" content=\"Temps estimat de lectura\" \/>\n\t<meta name=\"twitter:data1\" content=\"2 minuts\" \/>\n<script type=\"application\/ld+json\" class=\"yoast-schema-graph\">{\"@context\":\"https:\\\/\\\/schema.org\",\"@graph\":[{\"@type\":[\"WebPage\",\"ItemPage\"],\"@id\":\"https:\\\/\\\/nievesenergia.com\\\/ca\\\/notes-de-premsa\\\/grup-nieves-es-llanca-al-lloguer-de-teulades-per-a-autoconsums-compartits-amb-bateries\\\/\",\"url\":\"https:\\\/\\\/nievesenergia.com\\\/ca\\\/notes-de-premsa\\\/grup-nieves-es-llanca-al-lloguer-de-teulades-per-a-autoconsums-compartits-amb-bateries\\\/\",\"name\":\"Notes de premsa - Nieves Energia\",\"isPartOf\":{\"@id\":\"https:\\\/\\\/nievesenergia.com\\\/ca\\\/#website\"},\"primaryImageOfPage\":{\"@id\":\"https:\\\/\\\/nievesenergia.com\\\/ca\\\/notes-de-premsa\\\/grup-nieves-es-llanca-al-lloguer-de-teulades-per-a-autoconsums-compartits-amb-bateries\\\/#primaryimage\"},\"image\":{\"@id\":\"https:\\\/\\\/nievesenergia.com\\\/ca\\\/notes-de-premsa\\\/grup-nieves-es-llanca-al-lloguer-de-teulades-per-a-autoconsums-compartits-amb-bateries\\\/#primaryimage\"},\"thumbnailUrl\":\"https:\\\/\\\/nievesenergia.com\\\/wp-content\\\/uploads\\\/2026\\\/03\\\/alquiler-tejados-economista.jpg\",\"datePublished\":\"2025-08-06T04:00:00+00:00\",\"dateModified\":\"2026-03-30T14:34:56+00:00\",\"description\":\"Grup Nieves impulsa el lloguer de cobertes per a autoconsum compartit amb bateries, una soluci\u00f3 per a generar energia renovable.\",\"breadcrumb\":{\"@id\":\"https:\\\/\\\/nievesenergia.com\\\/ca\\\/notes-de-premsa\\\/grup-nieves-es-llanca-al-lloguer-de-teulades-per-a-autoconsums-compartits-amb-bateries\\\/#breadcrumb\"},\"inLanguage\":\"ca\",\"potentialAction\":[{\"@type\":\"ReadAction\",\"target\":[\"https:\\\/\\\/nievesenergia.com\\\/ca\\\/notes-de-premsa\\\/grup-nieves-es-llanca-al-lloguer-de-teulades-per-a-autoconsums-compartits-amb-bateries\\\/\"]}]},{\"@type\":\"ImageObject\",\"inLanguage\":\"ca\",\"@id\":\"https:\\\/\\\/nievesenergia.com\\\/ca\\\/notes-de-premsa\\\/grup-nieves-es-llanca-al-lloguer-de-teulades-per-a-autoconsums-compartits-amb-bateries\\\/#primaryimage\",\"url\":\"https:\\\/\\\/nievesenergia.com\\\/wp-content\\\/uploads\\\/2026\\\/03\\\/alquiler-tejados-economista.jpg\",\"contentUrl\":\"https:\\\/\\\/nievesenergia.com\\\/wp-content\\\/uploads\\\/2026\\\/03\\\/alquiler-tejados-economista.jpg\",\"width\":1200,\"height\":655,\"caption\":\"Instalaci\u00f3n de paneles solares en cubierta industrial y parking para alquiler de tejados y generaci\u00f3n de energ\u00eda renovable\"},{\"@type\":\"BreadcrumbList\",\"@id\":\"https:\\\/\\\/nievesenergia.com\\\/ca\\\/notes-de-premsa\\\/grup-nieves-es-llanca-al-lloguer-de-teulades-per-a-autoconsums-compartits-amb-bateries\\\/#breadcrumb\",\"itemListElement\":[{\"@type\":\"ListItem\",\"position\":1,\"name\":\"Home\",\"item\":\"https:\\\/\\\/nievesenergia.com\\\/ca\\\/\"},{\"@type\":\"ListItem\",\"position\":2,\"name\":\"Notes de premsa\",\"item\":\"https:\\\/\\\/nievesenergia.com\\\/ca\\\/notes-de-premsa\\\/\"},{\"@type\":\"ListItem\",\"position\":3,\"name\":\"Grup Nieves es llan\u00e7a al lloguer de teulades per a autoconsums compartits amb bateries\"}]},{\"@type\":\"WebSite\",\"@id\":\"https:\\\/\\\/nievesenergia.com\\\/ca\\\/#website\",\"url\":\"https:\\\/\\\/nievesenergia.com\\\/ca\\\/\",\"name\":\"Nieves Energia\",\"description\":\"Nieves Energia - Familia de Energ\u00edas\",\"publisher\":{\"@id\":\"https:\\\/\\\/nievesenergia.com\\\/ca\\\/#organization\"},\"potentialAction\":[{\"@type\":\"SearchAction\",\"target\":{\"@type\":\"EntryPoint\",\"urlTemplate\":\"https:\\\/\\\/nievesenergia.com\\\/ca\\\/?s={search_term_string}\"},\"query-input\":{\"@type\":\"PropertyValueSpecification\",\"valueRequired\":true,\"valueName\":\"search_term_string\"}}],\"inLanguage\":\"ca\"},{\"@type\":\"Organization\",\"@id\":\"https:\\\/\\\/nievesenergia.com\\\/ca\\\/#organization\",\"name\":\"Nieves Energia\",\"url\":\"https:\\\/\\\/nievesenergia.com\\\/ca\\\/\",\"logo\":{\"@type\":\"ImageObject\",\"inLanguage\":\"ca\",\"@id\":\"https:\\\/\\\/nievesenergia.com\\\/ca\\\/#\\\/schema\\\/logo\\\/image\\\/\",\"url\":\"https:\\\/\\\/nievesenergia.com\\\/wp-content\\\/uploads\\\/2025\\\/08\\\/10273-PET_logotipo-blanco_naranja_NIEVES-CMYK.jpg\",\"contentUrl\":\"https:\\\/\\\/nievesenergia.com\\\/wp-content\\\/uploads\\\/2025\\\/08\\\/10273-PET_logotipo-blanco_naranja_NIEVES-CMYK.jpg\",\"width\":1576,\"height\":1576,\"caption\":\"Nieves Energia\"},\"image\":{\"@id\":\"https:\\\/\\\/nievesenergia.com\\\/ca\\\/#\\\/schema\\\/logo\\\/image\\\/\"},\"sameAs\":[\"https:\\\/\\\/www.facebook.com\\\/nievesenergia\",\"https:\\\/\\\/www.instagram.com\\\/nievesenergia\",\"https:\\\/\\\/www.linkedin.com\\\/company\\\/5115026\\\/admin\\\/dashboard\\\/\"]}]}<\/script>\n<!-- \/ Yoast SEO plugin. -->","yoast_head_json":{"title":"Notes de premsa - Nieves Energia","description":"Grup Nieves impulsa el lloguer de cobertes per a autoconsum compartit amb bateries, una soluci\u00f3 per a generar energia renovable.","robots":{"index":"index","follow":"follow","max-snippet":"max-snippet:-1","max-image-preview":"max-image-preview:large","max-video-preview":"max-video-preview:-1"},"canonical":"https:\/\/nievesenergia.com\/ca\/notes-de-premsa\/grup-nieves-es-llanca-al-lloguer-de-teulades-per-a-autoconsums-compartits-amb-bateries\/","og_locale":"ca_ES","og_type":"article","og_title":"Notes de premsa - Nieves Energia","og_description":"Grup Nieves impulsa el lloguer de cobertes per a autoconsum compartit amb bateries, una soluci\u00f3 per a generar energia renovable.","og_url":"https:\/\/nievesenergia.com\/ca\/notes-de-premsa\/grup-nieves-es-llanca-al-lloguer-de-teulades-per-a-autoconsums-compartits-amb-bateries\/","og_site_name":"Nieves Energia","article_publisher":"https:\/\/www.facebook.com\/nievesenergia","article_modified_time":"2026-03-30T14:34:56+00:00","og_image":[{"width":1200,"height":655,"url":"https:\/\/nievesenergia.com\/wp-content\/uploads\/2026\/03\/alquiler-tejados-economista.jpg","type":"image\/jpeg"}],"twitter_card":"summary_large_image","twitter_misc":{"Temps estimat de lectura":"2 minuts"},"schema":{"@context":"https:\/\/schema.org","@graph":[{"@type":["WebPage","ItemPage"],"@id":"https:\/\/nievesenergia.com\/ca\/notes-de-premsa\/grup-nieves-es-llanca-al-lloguer-de-teulades-per-a-autoconsums-compartits-amb-bateries\/","url":"https:\/\/nievesenergia.com\/ca\/notes-de-premsa\/grup-nieves-es-llanca-al-lloguer-de-teulades-per-a-autoconsums-compartits-amb-bateries\/","name":"Notes de premsa - Nieves Energia","isPartOf":{"@id":"https:\/\/nievesenergia.com\/ca\/#website"},"primaryImageOfPage":{"@id":"https:\/\/nievesenergia.com\/ca\/notes-de-premsa\/grup-nieves-es-llanca-al-lloguer-de-teulades-per-a-autoconsums-compartits-amb-bateries\/#primaryimage"},"image":{"@id":"https:\/\/nievesenergia.com\/ca\/notes-de-premsa\/grup-nieves-es-llanca-al-lloguer-de-teulades-per-a-autoconsums-compartits-amb-bateries\/#primaryimage"},"thumbnailUrl":"https:\/\/nievesenergia.com\/wp-content\/uploads\/2026\/03\/alquiler-tejados-economista.jpg","datePublished":"2025-08-06T04:00:00+00:00","dateModified":"2026-03-30T14:34:56+00:00","description":"Grup Nieves impulsa el lloguer de cobertes per a autoconsum compartit amb bateries, una soluci\u00f3 per a generar energia renovable.","breadcrumb":{"@id":"https:\/\/nievesenergia.com\/ca\/notes-de-premsa\/grup-nieves-es-llanca-al-lloguer-de-teulades-per-a-autoconsums-compartits-amb-bateries\/#breadcrumb"},"inLanguage":"ca","potentialAction":[{"@type":"ReadAction","target":["https:\/\/nievesenergia.com\/ca\/notes-de-premsa\/grup-nieves-es-llanca-al-lloguer-de-teulades-per-a-autoconsums-compartits-amb-bateries\/"]}]},{"@type":"ImageObject","inLanguage":"ca","@id":"https:\/\/nievesenergia.com\/ca\/notes-de-premsa\/grup-nieves-es-llanca-al-lloguer-de-teulades-per-a-autoconsums-compartits-amb-bateries\/#primaryimage","url":"https:\/\/nievesenergia.com\/wp-content\/uploads\/2026\/03\/alquiler-tejados-economista.jpg","contentUrl":"https:\/\/nievesenergia.com\/wp-content\/uploads\/2026\/03\/alquiler-tejados-economista.jpg","width":1200,"height":655,"caption":"Instalaci\u00f3n de paneles solares en cubierta industrial y parking para alquiler de tejados y generaci\u00f3n de energ\u00eda renovable"},{"@type":"BreadcrumbList","@id":"https:\/\/nievesenergia.com\/ca\/notes-de-premsa\/grup-nieves-es-llanca-al-lloguer-de-teulades-per-a-autoconsums-compartits-amb-bateries\/#breadcrumb","itemListElement":[{"@type":"ListItem","position":1,"name":"Home","item":"https:\/\/nievesenergia.com\/ca\/"},{"@type":"ListItem","position":2,"name":"Notes de premsa","item":"https:\/\/nievesenergia.com\/ca\/notes-de-premsa\/"},{"@type":"ListItem","position":3,"name":"Grup Nieves es llan\u00e7a al lloguer de teulades per a autoconsums compartits amb bateries"}]},{"@type":"WebSite","@id":"https:\/\/nievesenergia.com\/ca\/#website","url":"https:\/\/nievesenergia.com\/ca\/","name":"Nieves Energia","description":"Nieves Energia - Familia de Energ\u00edas","publisher":{"@id":"https:\/\/nievesenergia.com\/ca\/#organization"},"potentialAction":[{"@type":"SearchAction","target":{"@type":"EntryPoint","urlTemplate":"https:\/\/nievesenergia.com\/ca\/?s={search_term_string}"},"query-input":{"@type":"PropertyValueSpecification","valueRequired":true,"valueName":"search_term_string"}}],"inLanguage":"ca"},{"@type":"Organization","@id":"https:\/\/nievesenergia.com\/ca\/#organization","name":"Nieves Energia","url":"https:\/\/nievesenergia.com\/ca\/","logo":{"@type":"ImageObject","inLanguage":"ca","@id":"https:\/\/nievesenergia.com\/ca\/#\/schema\/logo\/image\/","url":"https:\/\/nievesenergia.com\/wp-content\/uploads\/2025\/08\/10273-PET_logotipo-blanco_naranja_NIEVES-CMYK.jpg","contentUrl":"https:\/\/nievesenergia.com\/wp-content\/uploads\/2025\/08\/10273-PET_logotipo-blanco_naranja_NIEVES-CMYK.jpg","width":1576,"height":1576,"caption":"Nieves Energia"},"image":{"@id":"https:\/\/nievesenergia.com\/ca\/#\/schema\/logo\/image\/"},"sameAs":["https:\/\/www.facebook.com\/nievesenergia","https:\/\/www.instagram.com\/nievesenergia","https:\/\/www.linkedin.com\/company\/5115026\/admin\/dashboard\/"]}]}},"_links":{"self":[{"href":"https:\/\/nievesenergia.com\/ca\/wp-json\/wp\/v2\/notas-de-prensa\/19847","targetHints":{"allow":["GET"]}}],"collection":[{"href":"https:\/\/nievesenergia.com\/ca\/wp-json\/wp\/v2\/notas-de-prensa"}],"about":[{"href":"https:\/\/nievesenergia.com\/ca\/wp-json\/wp\/v2\/types\/notas-de-prensa"}],"version-history":[{"count":1,"href":"https:\/\/nievesenergia.com\/ca\/wp-json\/wp\/v2\/notas-de-prensa\/19847\/revisions"}],"predecessor-version":[{"id":19848,"href":"https:\/\/nievesenergia.com\/ca\/wp-json\/wp\/v2\/notas-de-prensa\/19847\/revisions\/19848"}],"wp:featuredmedia":[{"embeddable":true,"href":"https:\/\/nievesenergia.com\/ca\/wp-json\/wp\/v2\/media\/19837"}],"wp:attachment":[{"href":"https:\/\/nievesenergia.com\/ca\/wp-json\/wp\/v2\/media?parent=19847"}],"curies":[{"name":"wp","href":"https:\/\/api.w.org\/{rel}","templated":true}]}}