{"id":22493,"date":"2026-03-23T12:41:49","date_gmt":"2026-03-23T11:41:49","guid":{"rendered":"https:\/\/nievesenergia.com\/blog\/sense-categoria\/rebaixa-de-liva-i-de-limpost-especial-sobre-hidrocarburs-com-afecta-a-particulars-i-professionals\/"},"modified":"2026-09-01T12:00:23","modified_gmt":"2026-09-01T10:00:23","slug":"rebaixa-de-liva-i-de-limpost-especial-sobre-hidrocarburs-com-afecta-a-particulars-i-professionals","status":"publish","type":"post","link":"https:\/\/nievesenergia.com\/ca\/blog\/estacions-de-servei\/rebaixa-de-liva-i-de-limpost-especial-sobre-hidrocarburs-com-afecta-a-particulars-i-professionals\/","title":{"rendered":"Rebaixa de l&#8217;IVA i de l&#8217;impost especial sobre hidrocarburs: com afecta a particulars i professionals"},"content":{"rendered":"\n<p class=\"wp-block-paragraph\">La volatilitat al mercat energ\u00e8tic causada pel conflicte recent a l&#8217;Iran i les tensions geopol\u00edtiques a l&#8217;Orient Mitj\u00e0 ha impulsat a l&#8217;al\u00e7a el preu dels carburants i de l&#8217;energia en general. El combustible suposa una de les principals despeses tant per a empreses que depenen del transport per carretera com per a particulars que utilitzen el seu vehicle cada dia. <\/p>\n<div class=\" jet-sm-gb-wrapper jet-sm-gb-a1c3f0a6-0132-48e7-ae21-4ca91b7fcc60\" data-block-id=\"jet-sm-gb-a1c3f0a6-0132-48e7-ae21-4ca91b7fcc60\" >\n<p class=\"jet-sm-gb-wrapper jet-sm-gb-a1c3f0a6-0132-48e7-ae21-4ca91b7fcc60 wp-block-paragraph\">El 21 de mar\u00e7 passat el Govern d&#8217;Espanya va aprovar el <a href=\"https:\/\/www.boe.es\/diario_boe\/txt.php?id=BOE-A-2026-6544\" target=\"_blank\" rel=\"noreferrer noopener\">Reial decret llei 7\/2026<\/a> , un paquet de mesures especials per fer front a l&#8217;impacte energ\u00e8tic que aquesta pujada t\u00e9 sobre fam\u00edlies i professionals. Aquestes mesures van entrar en vigor el 22 de mar\u00e7 del 2026. <\/p>\n<\/div><div class=\" jet-sm-gb-wrapper jet-sm-gb-85afda2a-edc2-48a6-8aac-9570e0eaef90\" data-block-id=\"jet-sm-gb-85afda2a-edc2-48a6-8aac-9570e0eaef90\" >\n<p class=\"jet-sm-gb-wrapper jet-sm-gb-85afda2a-edc2-48a6-8aac-9570e0eaef90 wp-block-paragraph\">Posteriorment, el <strong>Reial decret llei 18\/2026, de 29 de juny<\/strong> , va prorrogar i modificar part d&#8217;aquestes mesures per als mesos de juliol, agost i setembre de 2026, adaptant les reduccions fiscals i les ajudes al transport professional a l&#8217;evoluci\u00f3 dels preus dels carburants.<\/p>\n<\/div>\n<p class=\"wp-block-paragraph\">A continuaci\u00f3, expliquem en qu\u00e8 consisteixen, des de quan estan actives i quin \u00e9s el seu abast.<\/p>\n\n<h2 class=\"wp-block-heading\">Reducci\u00f3 de l&#8217;IVA en carburants<\/h2>\n\n<p class=\"wp-block-paragraph\">El carburant i l&#8217;energia estan gravats habitualment amb un IVA del 21%, que es redueix al <strong>10% de manera temporal fins al 30 de juny del 2026<\/strong> .<\/p>\n\n<p class=\"wp-block-paragraph\">Aquesta reducci\u00f3 s&#8217;aplica a:<\/p>\n\n<ul class=\"wp-block-list\">\n<li>Benzina<\/li>\n\n\n\n<li>Gasoil<\/li>\n\n\n\n<li>GLP<\/li>\n\n\n\n<li>Biocarburants com l&#8217; <a href=\"https:\/\/nievesenergia.com\/ca\/blog\/estacions-de-servei\/que-es-el-hvo-i-per-a-que-serveix-el-possible-combustible-per-al-futur\/\" target=\"_blank\" rel=\"noreferrer noopener\">HVO<\/a><\/li>\n\n\n\n<li>Gas natural<\/li>\n\n\n\n<li>Biomassa (llenya, p\u00e8l\u00b7lets, etc.)<\/li>\n<\/ul>\n<div class=\" jet-sm-gb-wrapper jet-sm-gb-96b3a009-7bdf-4393-8cc8-cc04547667a1\" data-block-id=\"jet-sm-gb-96b3a009-7bdf-4393-8cc8-cc04547667a1\" >\n<p class=\"jet-sm-gb-wrapper jet-sm-gb-96b3a009-7bdf-4393-8cc8-cc04547667a1 wp-block-paragraph\"><strong>Des de l&#8217;1 de juliol del 2026, aquesta reducci\u00f3 de l&#8217;IVA ja no s&#8217;aplica a la gasolina i al gasoil, que tornen a estar subjectes al tipus general del 21%.<\/strong>  Per tant, a 1 de setembre de 2026 no hi ha una rebaixa general de l&#8217;IVA aplicable a aquests carburants.<\/p>\n<\/div>\n<p class=\"wp-block-paragraph\">Aquesta mesura es tradueix en un cost final m\u00e9s baix tant en el prove\u00efment com en la factura energ\u00e8tica, encara que el preu continuar\u00e0 depenent de factors com el cost del petroli o la log\u00edstica.<\/p>\n\n<p class=\"wp-block-paragraph\"><strong>La reducci\u00f3 \u00e9s temporal i pot desapar\u00e8ixer a partir del juny si els preus de l&#8217;energia i els carburants s&#8217;estabilitzen i prenen com a refer\u00e8ncia l&#8217;evoluci\u00f3 de l&#8217;IPC respecte a l&#8217;any anterior.<\/strong>  \u00c9s a dir, si els preus deixen de pujar de manera significativa, el Govern pot retirar la mesura.<\/p>\n\n<h2 class=\"wp-block-heading\">Reducci\u00f3 de l&#8217;impost especial sobre hidrocarburs<\/h2>\n\n<p class=\"wp-block-paragraph\">Una altra de les mesures incloses \u00e9s la <strong>reducci\u00f3 temporal de l&#8217;impost sobre hidrocarburs<\/strong> , tamb\u00e9 vigent inicialment fins al 30 de juny de 2026.<\/p>\n\n<p class=\"wp-block-paragraph\">Afecta:<\/p>\n\n<ul class=\"wp-block-list\">\n<li>Benzina<\/li>\n\n\n\n<li>Gasoil<\/li>\n\n\n\n<li>GLP<\/li>\n\n\n\n<li>Gas natural<\/li>\n\n\n\n<li>HVO<\/li>\n\n\n\n<li>Biocarburants<\/li>\n<\/ul>\n<div class=\" jet-sm-gb-wrapper jet-sm-gb-a00c6d47-819f-4d92-9aac-1137d6b891ba\" data-block-id=\"jet-sm-gb-a00c6d47-819f-4d92-9aac-1137d6b891ba\" >\n<p class=\"jet-sm-gb-wrapper jet-sm-gb-a00c6d47-819f-4d92-9aac-1137d6b891ba wp-block-paragraph\">A difer\u00e8ncia de l&#8217;IVA, aquest impost \u00e9s un <strong>cost fix per litre<\/strong> , per la qual cosa la reducci\u00f3 t\u00e9 un impacte directe en el preu del carburant, independentment del preu base.<\/p>\n<\/div><div class=\" jet-sm-gb-wrapper jet-sm-gb-811c2402-713d-4937-b4f8-a98072dc0b71\" data-block-id=\"jet-sm-gb-811c2402-713d-4937-b4f8-a98072dc0b71\" >\n<p class=\"jet-sm-gb-wrapper jet-sm-gb-811c2402-713d-4937-b4f8-a98072dc0b71 wp-block-paragraph\">El Reial decret llei 18\/2026 va prorrogar aquesta reducci\u00f3 durant els mesos de juliol, agost i setembre. Amb car\u00e0cter general, va establir una rebaixa de l&#8217;impost sobre hidrocarburs de <strong>15 c\u00e8ntims per litre al juliol, 10 c\u00e8ntims a l&#8217;agost i 5 c\u00e8ntims al setembre<\/strong> per a gasolina i gasoil. Aix\u00f2 no obstant, la norma contempla reduccions superiors si l&#8217;evoluci\u00f3 interanual de l&#8217;IPC d&#8217;aquests carburants supera determinats l\u00edmits, per la qual cosa el tipus efectiu aplicable pot variar en funci\u00f3 de l&#8217;evoluci\u00f3 dels preus.  <\/p>\n<\/div>\n<h2 class=\"wp-block-heading\">Ajuts al transport professional<\/h2>\n\n<p class=\"wp-block-paragraph\">Un dels punts m\u00e9s rellevants \u00e9s el canvi en el sistema del <strong>gasoil d&#8217;\u00fas professional<\/strong> .<\/p>\n<div class=\" jet-sm-gb-wrapper jet-sm-gb-4daa77ae-5c46-40a9-8290-b66d26fc6ac3\" data-block-id=\"jet-sm-gb-4daa77ae-5c46-40a9-8290-b66d26fc6ac3\" >\n<p class=\"jet-sm-gb-wrapper jet-sm-gb-4daa77ae-5c46-40a9-8290-b66d26fc6ac3 wp-block-paragraph\">Durant el per\u00edode compr\u00e8s entre l&#8217; <strong>1 de juliol i el 30 de setembre de 2026<\/strong> , la devoluci\u00f3 parcial ordin\u00e0ria de l&#8217;impost sobre hidrocarburs corresponent al gasoil d&#8217;\u00fas professional queda fixada temporalment en <strong>0 euros<\/strong> .<\/p>\n<\/div>\n<ul class=\"wp-block-list\">\n<li><\/li>\n<\/ul>\n\n<p class=\"wp-block-paragraph\">Aix\u00f2, per\u00f2, no implica la desaparici\u00f3 de les ajudes, sin\u00f3 un canvi en el seu format.<\/p>\n\n<h3 class=\"wp-block-heading\">Noves ajudes per a transportistes<\/h3>\n\n<p class=\"wp-block-paragraph\">S&#8217;estableixen <strong>mesures extraordin\u00e0ries (excloents entre si)<\/strong> per a professionals del transport:<\/p>\n\n<h3 class=\"wp-block-heading\">Vehicles amb dret a gasoil professional<\/h3>\n\n<ul class=\"wp-block-list\">\n<li>L&#8217;ajuda extraordin\u00e0ria s&#8217;estableix en <strong>0,10 \u20ac\/litre per al juliol, 0,15 \u20ac\/litre per a l&#8217;agost i 0,20 \u20ac\/litre per al setembre del 2026<\/strong> . Aix\u00f2 no obstant, l&#8217;import es pot reduir a <strong>0,05 \u20ac\/litre<\/strong> a l&#8217;agost o al setembre si, com a conseq\u00fc\u00e8ncia de l&#8217;evoluci\u00f3 de l&#8217;IPC, \u00e9s aplicable el tipus redu\u00eft de l&#8217;impost sobre hidrocarburs previst al Reial decret llei 18\/2026. <\/li>\n\n\n\n<li>Condici\u00f3: El pagament s&#8217;ha de fer mitjan\u00e7ant <strong>targetes de gasoil professional<\/strong> (com les <a href=\"https:\/\/nievesenergia.com\/ca\/productes-i-serveis\/estacions-de-servei\/profesionals\/\">targetes professionals Neus<\/a> )<\/li>\n\n\n\n<li>Gesti\u00f3:\n<ul class=\"wp-block-list\">\n<li>Es tramita juntament amb el sistema habitual de devoluci\u00f3<\/li>\n\n\n\n<li>Aplicaci\u00f3 m\u00e9s directa i autom\u00e0tica<\/li>\n<\/ul>\n<\/li>\n<\/ul>\n\n<h3 class=\"wp-block-heading\">Vehicles sense dret a gasoil professional<\/h3>\n\n<ul class=\"wp-block-list\">\n<li>Beneficiaris:\n<ul class=\"wp-block-list\">\n<li>Titulars d&#8217;autoritzacions de transport<\/li>\n\n\n\n<li>Empreses inscrites al registre corresponent<\/li>\n<\/ul>\n<\/li>\n\n\n\n<li>Tipus d&#8217;ajuda:\n<ul class=\"wp-block-list\">\n<li><strong>Import directe<\/strong> , en funci\u00f3 del nombre i tipus de vehicles<\/li>\n<\/ul>\n<\/li>\n\n\n\n<li>Sol\u00b7licitud:\n<ul class=\"wp-block-list\">\n<li>A trav\u00e9s de la <strong>Seu Electr\u00f2nica de l&#8217;Ag\u00e8ncia Tribut\u00e0ria<\/strong><\/li>\n\n\n\n<li>Termini: de l&#8217; <strong>1 de setembre al 30 d&#8217;octubre del 2026<\/strong><\/li>\n<\/ul>\n<\/li>\n<\/ul>\n<div class=\" jet-sm-gb-wrapper jet-sm-gb-9da73228-5b17-4b8b-aa78-3822b4d180fd\" data-block-id=\"jet-sm-gb-9da73228-5b17-4b8b-aa78-3822b4d180fd\" >\n<p class=\"jet-sm-gb-wrapper jet-sm-gb-9da73228-5b17-4b8b-aa78-3822b4d180fd wp-block-paragraph\">Aquestes mesures mantenen el suport al sector del transport, passant d\u201fun sistema de devoluci\u00f3 fiscal a <strong>ajudes directes<\/strong><\/p>\n<\/div><div class=\" jet-sm-gb-wrapper jet-sm-gb-d4c79ed7-4b6f-477f-ae28-aef4f68cc507\" data-block-id=\"jet-sm-gb-13c14001-9ebb-4816-bd51-49ae90b9d050\" >\n<h2 class=\"wp-block-heading  jet-sm-gb-wrapper jet-sm-gb-d4c79ed7-4b6f-477f-ae28-aef4f68cc507\">Situaci\u00f3 actual al setembre de 2026<\/h2>\n<\/div>\n<p class=\"wp-block-paragraph\">Les mesures inicials han estat modificades i prorrogades pel Reial decret llei 18\/2026. A 1 de setembre de 2026, <strong>la gasolina i el gasoil tornen a tributar al 21% d&#8217;IVA<\/strong> , mentre que durant el setembre continua la reducci\u00f3 temporal de l&#8217;impost sobre hidrocarburs. <\/p>\n<div class=\" jet-sm-gb-wrapper jet-sm-gb-aff7bd61-5f94-44f0-98d4-fcf435bc660c\" data-block-id=\"jet-sm-gb-aff7bd61-5f94-44f0-98d4-fcf435bc660c\" >\n<p class=\"jet-sm-gb-wrapper jet-sm-gb-aff7bd61-5f94-44f0-98d4-fcf435bc660c wp-block-paragraph\">En el cas del <strong>gasoil professional<\/strong> , la devoluci\u00f3 parcial ordin\u00e0ria de l&#8217;impost sobre hidrocarburs roman temporalment fixada en 0 euros fins al 30 de setembre i es mant\u00e9, al seu lloc, l&#8217;ajuda extraordin\u00e0ria vinculada als litres consumits. Per al setembre, aquesta ajuda s&#8217;estableix inicialment en <strong>0,20 \u20ac\/litre<\/strong> , encara que es pot reduir a <strong>0,05 \u20ac\/litre<\/strong> quan sigui aplicable el tipus redu\u00eft de l&#8217;impost sobre hidrocarburs previst al Reial decret llei 18\/2026. <\/p>\n<\/div>\n<h2 class=\"wp-block-heading\">En resum:<\/h2>\n<div class=\" jet-sm-gb-wrapper jet-sm-gb-1ff44d17-e092-4819-9bce-fbabdc015000\" data-block-id=\"jet-sm-gb-1ff44d17-e092-4819-9bce-fbabdc015000\" >\n<p class=\"jet-sm-gb-wrapper jet-sm-gb-1ff44d17-e092-4819-9bce-fbabdc015000 wp-block-paragraph\">El Reial decret llei 7\/2026 i la seva posterior modificaci\u00f3 mitjan\u00e7ant el Reial decret llei 18\/2026 mantenen diferents mesures sobre els carburants:<\/p>\n<\/div>\n<ul class=\"wp-block-list\">\n<li>\u2705 Reducci\u00f3 temporal de l&#8217;impost sobre hidrocarburs durant setembre de 2026<\/li>\n\n\n\n<li>\u2705 Gasolina i gasoil novament subjectes a l&#8217;IVA general del 21%<\/li>\n\n\n\n<li>\u2705 Ajudes extraordin\u00e0ries al transport professional prorrogades fins al 30 de setembre de 2026<\/li>\n<\/ul>\n<div class=\" jet-sm-gb-wrapper jet-sm-gb-5106e41f-d886-40d2-b3f5-fc4d779f3875\" data-block-id=\"jet-sm-gb-5106e41f-d886-40d2-b3f5-fc4d779f3875\" >\n<p class=\"jet-sm-gb-wrapper jet-sm-gb-5106e41f-d886-40d2-b3f5-fc4d779f3875 wp-block-paragraph\">En el cas dels particulars, les reduccions fiscals aplicables al carburant es traslladen al preu sense necessitat de fer cap sol\u00b7licitud. Els professionals del transport, per la seva banda, han de complir els requisits i els procediments establerts per a cadascun dels ajuts. <\/p>\n<\/div><div class=\" jet-sm-gb-wrapper jet-sm-gb-90ec25ae-bbd8-4a4e-bfa5-ea8620d0df3f\" data-block-id=\"jet-sm-gb-90ec25ae-bbd8-4a4e-bfa5-ea8620d0df3f\" >\n<p class=\"jet-sm-gb-wrapper jet-sm-gb-90ec25ae-bbd8-4a4e-bfa5-ea8620d0df3f wp-block-paragraph\"><em><a href=\"https:\/\/www.boe.es\/diario_boe\/txt.php?id=BOE-A-2026-6544\" target=\"_blank\" rel=\"noreferrer noopener\">Enlla\u00e7 al Butllet\u00ed Oficial d&#8217;Estat<\/a><\/em><\/p>\n<\/div>","protected":false},"excerpt":{"rendered":"<p>El Govern espanyol ha llan\u00e7at un paquet de mesures especials per minimitzar l&#8217;impacte de la crisi energ\u00e8tica causada per la guerra a l&#8217;Iran.<\/p>\n","protected":false},"author":3,"featured_media":16177,"comment_status":"closed","ping_status":"open","sticky":false,"template":"","format":"standard","meta":{"_jet_sm_ready_style":"","_jet_sm_style":"","_jet_sm_controls_values":"","_jet_sm_fonts_collection":"","_jet_sm_fonts_links":"","footnotes":""},"categories":[63],"tags":[116],"class_list":["post-22493","post","type-post","status-publish","format-standard","has-post-thumbnail","hentry","category-estacions-de-servei","tag-combustible"],"yoast_head":"<!-- This site is optimized with the Yoast SEO plugin v28.4 - https:\/\/yoast.com\/product\/yoast-seo-wordpress\/ -->\n<title>Rebaixa de l&#039;IVA i de l&#039;impost especial sobre hidrocarburs: com afecta a particulars i professionals - Nieves Energia<\/title>\n<meta name=\"description\" content=\"El Govern llan\u00e7a un paquet de mesures per contrarestar els efectes de la crisi energ\u00e8tica derivada de la guerra a l&#039;Iran.\" \/>\n<meta name=\"robots\" content=\"index, follow, max-snippet:-1, max-image-preview:large, max-video-preview:-1\" \/>\n<link rel=\"canonical\" href=\"https:\/\/nievesenergia.com\/ca\/blog\/estacions-de-servei\/rebaixa-de-liva-i-de-limpost-especial-sobre-hidrocarburs-com-afecta-a-particulars-i-professionals\/\" \/>\n<meta property=\"og:locale\" content=\"ca_ES\" \/>\n<meta property=\"og:type\" content=\"article\" \/>\n<meta property=\"og:title\" content=\"Rebaixa de l&#039;IVA i de l&#039;impost especial sobre hidrocarburs: com afecta a particulars i professionals - Nieves Energia\" \/>\n<meta property=\"og:description\" content=\"El Govern llan\u00e7a un paquet de mesures per contrarestar els efectes de la crisi energ\u00e8tica derivada de la guerra a l&#039;Iran.\" \/>\n<meta property=\"og:url\" content=\"https:\/\/nievesenergia.com\/ca\/blog\/estacions-de-servei\/rebaixa-de-liva-i-de-limpost-especial-sobre-hidrocarburs-com-afecta-a-particulars-i-professionals\/\" \/>\n<meta property=\"og:site_name\" content=\"Nieves Energia\" \/>\n<meta property=\"article:publisher\" content=\"https:\/\/www.facebook.com\/nievesenergia\" \/>\n<meta property=\"article:published_time\" content=\"2026-03-23T11:41:49+00:00\" \/>\n<meta property=\"article:modified_time\" content=\"2026-09-01T10:00:23+00:00\" \/>\n<meta property=\"og:image\" content=\"https:\/\/nievesenergia.com\/wp-content\/uploads\/2025\/10\/1-Tipos_combustible.jpg\" \/>\n\t<meta property=\"og:image:width\" content=\"1000\" \/>\n\t<meta property=\"og:image:height\" content=\"667\" \/>\n\t<meta property=\"og:image:type\" content=\"image\/jpeg\" \/>\n<meta name=\"author\" content=\"comunicacion\" \/>\n<meta name=\"twitter:card\" content=\"summary_large_image\" \/>\n<meta name=\"twitter:label1\" content=\"Escrit per\" \/>\n\t<meta name=\"twitter:data1\" content=\"comunicacion\" \/>\n\t<meta name=\"twitter:label2\" content=\"Temps estimat de lectura\" \/>\n\t<meta name=\"twitter:data2\" content=\"5 minuts\" \/>\n<!-- \/ Yoast SEO plugin. -->","yoast_head_json":{"title":"Rebaixa de l'IVA i de l'impost especial sobre hidrocarburs: com afecta a particulars i professionals - Nieves Energia","description":"El Govern llan\u00e7a un paquet de mesures per contrarestar els efectes de la crisi energ\u00e8tica derivada de la guerra a l'Iran.","robots":{"index":"index","follow":"follow","max-snippet":"max-snippet:-1","max-image-preview":"max-image-preview:large","max-video-preview":"max-video-preview:-1"},"canonical":"https:\/\/nievesenergia.com\/ca\/blog\/estacions-de-servei\/rebaixa-de-liva-i-de-limpost-especial-sobre-hidrocarburs-com-afecta-a-particulars-i-professionals\/","og_locale":"ca_ES","og_type":"article","og_title":"Rebaixa de l'IVA i de l'impost especial sobre hidrocarburs: com afecta a particulars i professionals - Nieves Energia","og_description":"El Govern llan\u00e7a un paquet de mesures per contrarestar els efectes de la crisi energ\u00e8tica derivada de la guerra a l'Iran.","og_url":"https:\/\/nievesenergia.com\/ca\/blog\/estacions-de-servei\/rebaixa-de-liva-i-de-limpost-especial-sobre-hidrocarburs-com-afecta-a-particulars-i-professionals\/","og_site_name":"Nieves Energia","article_publisher":"https:\/\/www.facebook.com\/nievesenergia","article_published_time":"2026-03-23T11:41:49+00:00","article_modified_time":"2026-09-01T10:00:23+00:00","og_image":[{"width":1000,"height":667,"url":"https:\/\/nievesenergia.com\/wp-content\/uploads\/2025\/10\/1-Tipos_combustible.jpg","type":"image\/jpeg"}],"author":"comunicacion","twitter_card":"summary_large_image","twitter_misc":{"Escrit per":"comunicacion","Temps estimat de lectura":"5 minuts"},"schema":{"@context":"https:\/\/schema.org","@graph":[{"@type":["Article","BlogPosting"],"@id":"https:\/\/nievesenergia.com\/ca\/blog\/estacions-de-servei\/rebaixa-de-liva-i-de-limpost-especial-sobre-hidrocarburs-com-afecta-a-particulars-i-professionals\/#article","isPartOf":{"@id":"https:\/\/nievesenergia.com\/ca\/blog\/estacions-de-servei\/rebaixa-de-liva-i-de-limpost-especial-sobre-hidrocarburs-com-afecta-a-particulars-i-professionals\/"},"author":{"name":"comunicacion","@id":"https:\/\/nievesenergia.com\/ca\/#\/schema\/person\/b5d4aeff33bde777e40a7c2415ac982d"},"headline":"Rebaixa de l&#8217;IVA i de l&#8217;impost especial sobre hidrocarburs: com afecta a particulars i professionals","datePublished":"2026-03-23T11:41:49+00:00","dateModified":"2026-09-01T10:00:23+00:00","mainEntityOfPage":{"@id":"https:\/\/nievesenergia.com\/ca\/blog\/estacions-de-servei\/rebaixa-de-liva-i-de-limpost-especial-sobre-hidrocarburs-com-afecta-a-particulars-i-professionals\/"},"wordCount":1040,"publisher":{"@id":"https:\/\/nievesenergia.com\/ca\/#organization"},"image":{"@id":"https:\/\/nievesenergia.com\/ca\/blog\/estacions-de-servei\/rebaixa-de-liva-i-de-limpost-especial-sobre-hidrocarburs-com-afecta-a-particulars-i-professionals\/#primaryimage"},"thumbnailUrl":"https:\/\/nievesenergia.com\/wp-content\/uploads\/2025\/10\/1-Tipos_combustible.jpg","keywords":["Combustible"],"articleSection":["Estacions de servei"],"inLanguage":"ca"},{"@type":"WebPage","@id":"https:\/\/nievesenergia.com\/ca\/blog\/estacions-de-servei\/rebaixa-de-liva-i-de-limpost-especial-sobre-hidrocarburs-com-afecta-a-particulars-i-professionals\/","url":"https:\/\/nievesenergia.com\/ca\/blog\/estacions-de-servei\/rebaixa-de-liva-i-de-limpost-especial-sobre-hidrocarburs-com-afecta-a-particulars-i-professionals\/","name":"Rebaixa de l'IVA i de l'impost especial sobre hidrocarburs: com afecta a particulars i professionals - Nieves Energia","isPartOf":{"@id":"https:\/\/nievesenergia.com\/ca\/#website"},"primaryImageOfPage":{"@id":"https:\/\/nievesenergia.com\/ca\/blog\/estacions-de-servei\/rebaixa-de-liva-i-de-limpost-especial-sobre-hidrocarburs-com-afecta-a-particulars-i-professionals\/#primaryimage"},"image":{"@id":"https:\/\/nievesenergia.com\/ca\/blog\/estacions-de-servei\/rebaixa-de-liva-i-de-limpost-especial-sobre-hidrocarburs-com-afecta-a-particulars-i-professionals\/#primaryimage"},"thumbnailUrl":"https:\/\/nievesenergia.com\/wp-content\/uploads\/2025\/10\/1-Tipos_combustible.jpg","datePublished":"2026-03-23T11:41:49+00:00","dateModified":"2026-09-01T10:00:23+00:00","description":"El Govern llan\u00e7a un paquet de mesures per contrarestar els efectes de la crisi energ\u00e8tica derivada de la guerra a l'Iran.","breadcrumb":{"@id":"https:\/\/nievesenergia.com\/ca\/blog\/estacions-de-servei\/rebaixa-de-liva-i-de-limpost-especial-sobre-hidrocarburs-com-afecta-a-particulars-i-professionals\/#breadcrumb"},"inLanguage":"ca","potentialAction":[{"@type":"ReadAction","target":["https:\/\/nievesenergia.com\/ca\/blog\/estacions-de-servei\/rebaixa-de-liva-i-de-limpost-especial-sobre-hidrocarburs-com-afecta-a-particulars-i-professionals\/"]}]},{"@type":"ImageObject","inLanguage":"ca","@id":"https:\/\/nievesenergia.com\/ca\/blog\/estacions-de-servei\/rebaixa-de-liva-i-de-limpost-especial-sobre-hidrocarburs-com-afecta-a-particulars-i-professionals\/#primaryimage","url":"https:\/\/nievesenergia.com\/wp-content\/uploads\/2025\/10\/1-Tipos_combustible.jpg","contentUrl":"https:\/\/nievesenergia.com\/wp-content\/uploads\/2025\/10\/1-Tipos_combustible.jpg","width":1000,"height":667,"caption":"Surtidor de combustible di\u00e9sel, gasolina y AdBlue en autoservicio"},{"@type":"BreadcrumbList","@id":"https:\/\/nievesenergia.com\/ca\/blog\/estacions-de-servei\/rebaixa-de-liva-i-de-limpost-especial-sobre-hidrocarburs-com-afecta-a-particulars-i-professionals\/#breadcrumb","itemListElement":[{"@type":"ListItem","position":1,"name":"Home","item":"https:\/\/nievesenergia.com\/ca\/"},{"@type":"ListItem","position":2,"name":"Rebaixa de l&#8217;IVA i de l&#8217;impost especial sobre hidrocarburs: com afecta a particulars i professionals"}]},{"@type":"WebSite","@id":"https:\/\/nievesenergia.com\/ca\/#website","url":"https:\/\/nievesenergia.com\/ca\/","name":"Nieves Energia","description":"Nieves Energia - Familia de Energ\u00edas","publisher":{"@id":"https:\/\/nievesenergia.com\/ca\/#organization"},"potentialAction":[{"@type":"SearchAction","target":{"@type":"EntryPoint","urlTemplate":"https:\/\/nievesenergia.com\/ca\/?s={search_term_string}"},"query-input":{"@type":"PropertyValueSpecification","valueRequired":true,"valueName":"search_term_string"}}],"inLanguage":"ca"},{"@type":"Organization","@id":"https:\/\/nievesenergia.com\/ca\/#organization","name":"Nieves Energia","url":"https:\/\/nievesenergia.com\/ca\/","logo":{"@type":"ImageObject","inLanguage":"ca","@id":"https:\/\/nievesenergia.com\/ca\/#\/schema\/logo\/image\/","url":"https:\/\/nievesenergia.com\/wp-content\/uploads\/2025\/08\/10273-PET_logotipo-blanco_naranja_NIEVES-CMYK.jpg","contentUrl":"https:\/\/nievesenergia.com\/wp-content\/uploads\/2025\/08\/10273-PET_logotipo-blanco_naranja_NIEVES-CMYK.jpg","width":1576,"height":1576,"caption":"Nieves Energia"},"image":{"@id":"https:\/\/nievesenergia.com\/ca\/#\/schema\/logo\/image\/"},"sameAs":["https:\/\/www.facebook.com\/nievesenergia","https:\/\/www.instagram.com\/nievesenergia","https:\/\/www.linkedin.com\/company\/5115026\/admin\/dashboard\/"]},{"@type":"Person","@id":"https:\/\/nievesenergia.com\/ca\/#\/schema\/person\/b5d4aeff33bde777e40a7c2415ac982d","name":"comunicacion","image":{"@type":"ImageObject","inLanguage":"ca","@id":"https:\/\/secure.gravatar.com\/avatar\/bdc36c2785fe67f4e74b5ae0fefa58728bf6031183345196e361466562c50838?s=96&d=mm&r=g","url":"https:\/\/secure.gravatar.com\/avatar\/bdc36c2785fe67f4e74b5ae0fefa58728bf6031183345196e361466562c50838?s=96&d=mm&r=g","contentUrl":"https:\/\/secure.gravatar.com\/avatar\/bdc36c2785fe67f4e74b5ae0fefa58728bf6031183345196e361466562c50838?s=96&d=mm&r=g","caption":"comunicacion"},"url":"https:\/\/nievesenergia.com\/ca\/blog\/author\/comunicacion\/"}]}},"_links":{"self":[{"href":"https:\/\/nievesenergia.com\/ca\/wp-json\/wp\/v2\/posts\/22493","targetHints":{"allow":["GET"]}}],"collection":[{"href":"https:\/\/nievesenergia.com\/ca\/wp-json\/wp\/v2\/posts"}],"about":[{"href":"https:\/\/nievesenergia.com\/ca\/wp-json\/wp\/v2\/types\/post"}],"author":[{"embeddable":true,"href":"https:\/\/nievesenergia.com\/ca\/wp-json\/wp\/v2\/users\/3"}],"replies":[{"embeddable":true,"href":"https:\/\/nievesenergia.com\/ca\/wp-json\/wp\/v2\/comments?post=22493"}],"version-history":[{"count":1,"href":"https:\/\/nievesenergia.com\/ca\/wp-json\/wp\/v2\/posts\/22493\/revisions"}],"predecessor-version":[{"id":22494,"href":"https:\/\/nievesenergia.com\/ca\/wp-json\/wp\/v2\/posts\/22493\/revisions\/22494"}],"wp:featuredmedia":[{"embeddable":true,"href":"https:\/\/nievesenergia.com\/ca\/wp-json\/wp\/v2\/media\/16177"}],"wp:attachment":[{"href":"https:\/\/nievesenergia.com\/ca\/wp-json\/wp\/v2\/media?parent=22493"}],"wp:term":[{"taxonomy":"category","embeddable":true,"href":"https:\/\/nievesenergia.com\/ca\/wp-json\/wp\/v2\/categories?post=22493"},{"taxonomy":"post_tag","embeddable":true,"href":"https:\/\/nievesenergia.com\/ca\/wp-json\/wp\/v2\/tags?post=22493"}],"curies":[{"name":"wp","href":"https:\/\/api.w.org\/{rel}","templated":true}]}}